{"id":3365,"date":"2017-01-08T16:22:24","date_gmt":"2017-01-08T14:22:24","guid":{"rendered":"http:\/\/www.abriss-berlin.de\/blog\/?p=3365"},"modified":"2017-01-08T16:22:24","modified_gmt":"2017-01-08T14:22:24","slug":"teilerfolg-an-der-east-side-gallery","status":"publish","type":"post","link":"https:\/\/archiv.abriss-berlin.de\/blog\/?p=3365","title":{"rendered":"Teilerfolg an der East Side Gallery"},"content":{"rendered":"<p>Das B\u00fcndnis \u201aEast Side Gallery retten!\u2018 hat im Ringen um den Schutz der East Side Gallery einen wichtigen Teilerfolg erstritten. Wurde das B\u00fcndnis unter der \u00c4gide von Klaus Wowereit (SPD) vom Berliner Senat noch aktiv bek\u00e4mpft, sind Teile unserer Forderungen im Jahr 2017 nunmehr Programm der neuen Landesregierung aus SPD, LINKE und GR\u00dcNEN.<\/p>\n<p>Nach den letzten Berliner Wahlen, die in einem rot-rot-gr\u00fcnen Regierungsb\u00fcndnis m\u00fcndeten, ist auf Seite 46 des Koalitionsvertrages zu lesen:<\/p>\n<p>[\u2026] Die Koalition setzt sich f\u00fcr den durchgehenden Erhalt der Mauerreste und der Gr\u00fcnfl\u00e4che im Bereich der East Side Gallery, sowie f\u00fcr Verhandlungen mit den Investor*innen \u00fcber Ausgleichsgrundst\u00fccke ein. Die Kunstwerke sollen auch zuk\u00fcnftig gepflegt, regelm\u00e4\u00dfig restauriert und die Informationen vor Ort erweitert werden. [\u2026]<\/p>\n<p>Zwar liegt die letzte gr\u00f6\u00dfere Aktion des B\u00fcndnisses \u00bb25 Jahre Mauerfall \u2013 Heute feiern. Morgen abrei\u00dfen.\u00ab zum 25.Jahrestag des Mauerfalls am 9.11.2014 inzwischen \u00fcber zwei Jahre zur\u00fcck, doch ist es dem B\u00fcndnis zwischenzeitlich Dank vieler Gespr\u00e4che und Dank geschickt in den Wahlkampf eingebrachter Wahlpr\u00fcfsteine gelungen, wesentliche B\u00fcndnisforderungen in den Koalitionsvertrag zu schreiben und damit zum Regierungsprogramm der rot-rot-gr\u00fcnen Koalition zu machen:<\/p>\n<p>1. F\u00fcr den geplanten 120 Meter langen und 9 Stockwerke hohen Hotelkomplex \u00bbWaterfront Living\u00ab von Investor Alon Mekel soll ein Ausgleichsgrundst\u00fcck gefunden werden.<br \/>\n2. Der Bebauungsplan V-74 soll derart abge\u00e4ndert werden, dass der ehemalige Todesstreifen als Gr\u00fcnfl\u00e4che ausgewiesen wird.<br \/>\n3. Die Kunstwerke der East Side Gallery und somit auch das letzte vorhandene Original aus dem Jahr 1990 (Bild ohne Titel von Margaret Hunter und Peter Russell) sollen auch k\u00fcnftig gepflegt und regelm\u00e4\u00dfig restauriert werden.<\/p>\n<p>F\u00fcr diesen fulminanten Erfolg dankt das B\u00fcndnis allen, die sich mit ihrer Arbeitskraft aktiv in die Arbeit des B\u00fcndnissen eingebracht haben sowie den vielen tausend Unterst\u00fctzern. Insbesondere danken wir den 92.758 Unterst\u00fctzerinnen und Unterst\u00fctzern unserer Online-Petition auf Change.org, den tausenden Teilnehmerinnen und Teilnehmern unserer Mauerspazierg\u00e4nge im Jahr 2013 sowie stellvertretend f\u00fcr die vielen namhaften Unterst\u00fctzerinnen und Unterst\u00fctzer Roger Waters, David Hasselhoff, Bela B. und Ben Becker.<\/p>\n<p>Ein ganz besonderer Dank gilt zudem dem \u201eGesicht\u201c des B\u00fcndnisses, Sascha Disselkamp, der nicht nur viel private Zeit in die B\u00fcndnisarbeit gesteckt hat und mehrmals sogar pers\u00f6nlich bedroht und \u00f6ffentlich aufs Mieseste diffamiert wurde, sondern auch viel eigenes Geld in unsere Arbeit und Projekte gesteckt hat.<\/p>\n<p>Mit diesem Teilerfolg ist der Auftrag des B\u00fcndnisses \u00bbEast Side Gallery retten!\u00ab jedoch nicht erf\u00fcllt. Noch immer stehen der geplante Hotelkomplex \u00bbWaterfront Living\u00ab sowie zwei Br\u00fcckenbauprojekte im Bereich der weltber\u00fchmten Galerie im Raum. Auch m\u00fcsste der inzwischen fertiggestellte Luxuswohnturm \u00bbLiving Levels\u00ab von Investor Maik Uwe Hinkel zur\u00fcckgebaut werden, um das Denkmal \u00bbEast Side Gallery\u00ab wieder als ehemalige Grenze erfahrbar zu machen. Bereits 2013 hatte das B\u00fcndnis mittels einer kritischen Analyse nachgewiesen, dass eine Verbauung der Sichtachsen entlang des Denkmals bzw. des \u201egeteilten Himmels\u201c \u00fcber der Galerie ohne jedweden Ermessenspielraum der Verwaltung nach Berliner Denkmalschutzrecht (\u00a7 10 DSchG Bln) verboten ist, da diese empfindlich in den Wirkbereich des Denkmals East Side Gallery eingreift.<\/p>\n","protected":false},"excerpt":{"rendered":"<p>Das B\u00fcndnis \u201aEast Side Gallery retten!\u2018 hat im Ringen um den Schutz der East Side Gallery einen wichtigen Teilerfolg erstritten. Wurde das B\u00fcndnis unter der \u00c4gide von Klaus Wowereit (SPD) vom Berliner Senat noch aktiv bek\u00e4mpft, sind Teile unserer Forderungen im Jahr 2017 nunmehr Programm der neuen Landesregierung aus SPD, LINKE und GR\u00dcNEN. Nach den [&hellip;]<\/p>\n","protected":false},"author":10,"featured_media":0,"comment_status":"open","ping_status":"closed","sticky":false,"template":"","format":"standard","meta":{"footnotes":""},"categories":[28],"tags":[],"class_list":["post-3365","post","type-post","status-publish","format-standard","hentry","category-mediaspree"],"_links":{"self":[{"href":"https:\/\/archiv.abriss-berlin.de\/blog\/index.php?rest_route=\/wp\/v2\/posts\/3365","targetHints":{"allow":["GET"]}}],"collection":[{"href":"https:\/\/archiv.abriss-berlin.de\/blog\/index.php?rest_route=\/wp\/v2\/posts"}],"about":[{"href":"https:\/\/archiv.abriss-berlin.de\/blog\/index.php?rest_route=\/wp\/v2\/types\/post"}],"author":[{"embeddable":true,"href":"https:\/\/archiv.abriss-berlin.de\/blog\/index.php?rest_route=\/wp\/v2\/users\/10"}],"replies":[{"embeddable":true,"href":"https:\/\/archiv.abriss-berlin.de\/blog\/index.php?rest_route=%2Fwp%2Fv2%2Fcomments&post=3365"}],"version-history":[{"count":1,"href":"https:\/\/archiv.abriss-berlin.de\/blog\/index.php?rest_route=\/wp\/v2\/posts\/3365\/revisions"}],"predecessor-version":[{"id":3366,"href":"https:\/\/archiv.abriss-berlin.de\/blog\/index.php?rest_route=\/wp\/v2\/posts\/3365\/revisions\/3366"}],"wp:attachment":[{"href":"https:\/\/archiv.abriss-berlin.de\/blog\/index.php?rest_route=%2Fwp%2Fv2%2Fmedia&parent=3365"}],"wp:term":[{"taxonomy":"category","embeddable":true,"href":"https:\/\/archiv.abriss-berlin.de\/blog\/index.php?rest_route=%2Fwp%2Fv2%2Fcategories&post=3365"},{"taxonomy":"post_tag","embeddable":true,"href":"https:\/\/archiv.abriss-berlin.de\/blog\/index.php?rest_route=%2Fwp%2Fv2%2Ftags&post=3365"}],"curies":[{"name":"wp","href":"https:\/\/api.w.org\/{rel}","templated":true}]}}