{"id":596,"date":"2008-02-13T19:17:34","date_gmt":"2008-02-13T17:17:34","guid":{"rendered":"http:\/\/www.abriss-berlin.de\/blog\/2008\/02\/13\/speiseplan-a-la-rot-rot\/"},"modified":"2010-02-01T14:22:28","modified_gmt":"2010-02-01T12:22:28","slug":"speiseplan-a-la-rot-rot","status":"publish","type":"post","link":"https:\/\/archiv.abriss-berlin.de\/blog\/?p=596","title":{"rendered":"Speiseplan \u00e0 la Rot-Rot"},"content":{"rendered":"<p><strong><em>Der B\u00f6se Wolf erkl\u00e4rt Berlin<\/em><\/strong><\/p>\n<p>Dass Herr Dr. Sarrazin (SPD) nicht zu der intellektuellen Elite der Stadt geh\u00f6rt, haben wir ja sp\u00e4testens w\u00e4hrend des Studentenstreiks im Jahr 2003 mitbekommen. Da kam sich Dr. Sarrazin \u2013 wie so oft \u2013 f\u00e4lschlicherweise originell vor und behauptete, man solle die Geisteswissenschaften nicht \u00fcbersch\u00e4tzen, denn immerhin seien die zwei gr\u00f6\u00dften Verbrecher des 20. Jahrhunderts auch Geisteswissenschaftler gewesen. Erstens stimmt das nicht mit der historischen \u00dcberlieferung \u00fcberein und zweitens kann man mit so einem D\u00fcnnsinn keine \u201eSparpolitik\u201c begr\u00fcnden. Es sei denn, man hei\u00dft Dr. Sarrazin. Dann nimmt man sich ernst. Deswegen ist auch zu bef\u00fcrchten, dass der zur Zeit heftig diskutierte \u201eHartz IV-Speiseplan\u201c aus dem Hause Sarrazin nicht als Witz gedacht ist, sondern als ernst gemeinter Beitrag zu einer Diskussion, die nur in Nischen stattfindet, n\u00e4mlich jener, ob ein Hartz IV-Regelsatz von 345 Euro zu einem ordentlichen Leben reicht oder nicht. Er reicht nicht. Wer etwas Anderes behauptet, m\u00f6ge sich bitte mit Hartz IV-Betroffenen zusammensetzen und sich nicht auf  Cent- und Gramm-Rechnungen beschr\u00e4nkter Korinthenkacker verlassen.<\/p>\n<p>Dieser \u201eSpeiseplan\u201c des Dr. Sarrazin sagt eigentlich mehr \u00fcber ihn aus, als \u00fcber \u201evollst\u00e4ndige, gesunde und wertstoffreiche\u201c Ern\u00e4hrung. Bierschinken, Sauerkraut, Bratwurst und Kartoffelbrei als Men\u00fc anzupreisen, das haben vielleicht M\u00e4nnerwohnheime 1962 gemacht. Und heute eben Herr Dr. Sarrazin.<\/p>\n<p>In dieser an sich recht dummen Diskussion, in der au\u00dfer wohlfeiler Emp\u00f6rung von Parteienvertretern, die Hartz IV entweder mit beschlossen oder Sarrazin in sein Amt gehievt haben, nichts Substantielles zu h\u00f6ren war, stach bislang nur \u2013 sonderbarerweise \u2013 Friedbert Pfl\u00fcger hervor: \u201eH\u00e4tte ein CDU-Mann so eine Rechnung pr\u00e4sentiert, h\u00e4tten die Linken Lichterketten organisiert, um den Politiker wegzubekommen. Die Linke muss sich sch\u00e4men, so einen Mann wie Sarrazin mitzutragen.\u201c Leider hat die Berliner LINKE keine Zeit, sich f\u00fcr ihren Finanzsenator zu sch\u00e4men. Sie sitzt seit Monaten im eigenen Sauerkrautfass und macht sich Gedanken zum \u201edemokratischen Sozialismus\u201c.<\/p>\n<p><em>Benedict Ugarte Chac\u00f3n<\/em><\/p>\n<p>____________________________________<\/p>\n<p><a class=\"imagelink\" title=\"Hartz IV Speiseplan\" href=\"http:\/\/www.abriss-berlin.de\/blog\/wp-content\/uploads\/2008\/02\/Speiseplan.jpg\"><img decoding=\"async\" id=\"image597\" data-src=\"http:\/\/www.abriss-berlin.de\/blog\/wp-content\/uploads\/2008\/02\/Speiseplan.thumbnail.jpg\" alt=\"Hartz IV Speiseplan\" src=\"data:image\/svg+xml;base64,PHN2ZyB3aWR0aD0iMSIgaGVpZ2h0PSIxIiB4bWxucz0iaHR0cDovL3d3dy53My5vcmcvMjAwMC9zdmciPjwvc3ZnPg==\" class=\"lazyload\" \/><\/a> Hartz IV-Speiseplan<\/p>\n","protected":false},"excerpt":{"rendered":"<p>Der B\u00f6se Wolf erkl\u00e4rt Berlin Dass Herr Dr. Sarrazin (SPD) nicht zu der intellektuellen Elite der Stadt geh\u00f6rt, haben wir ja sp\u00e4testens w\u00e4hrend des Studentenstreiks im Jahr 2003 mitbekommen. Da kam sich Dr. Sarrazin \u2013 wie so oft \u2013 f\u00e4lschlicherweise originell vor und behauptete, man solle die Geisteswissenschaften nicht \u00fcbersch\u00e4tzen, denn immerhin seien die zwei [&hellip;]<\/p>\n","protected":false},"author":7,"featured_media":0,"comment_status":"open","ping_status":"closed","sticky":false,"template":"","format":"standard","meta":{"footnotes":""},"categories":[8,30],"tags":[],"class_list":["post-596","post","type-post","status-publish","format-standard","hentry","category-abbau-soziale-stadt","category-der-boese-wolf-erklaert-berlin"],"_links":{"self":[{"href":"https:\/\/archiv.abriss-berlin.de\/blog\/index.php?rest_route=\/wp\/v2\/posts\/596","targetHints":{"allow":["GET"]}}],"collection":[{"href":"https:\/\/archiv.abriss-berlin.de\/blog\/index.php?rest_route=\/wp\/v2\/posts"}],"about":[{"href":"https:\/\/archiv.abriss-berlin.de\/blog\/index.php?rest_route=\/wp\/v2\/types\/post"}],"author":[{"embeddable":true,"href":"https:\/\/archiv.abriss-berlin.de\/blog\/index.php?rest_route=\/wp\/v2\/users\/7"}],"replies":[{"embeddable":true,"href":"https:\/\/archiv.abriss-berlin.de\/blog\/index.php?rest_route=%2Fwp%2Fv2%2Fcomments&post=596"}],"version-history":[{"count":2,"href":"https:\/\/archiv.abriss-berlin.de\/blog\/index.php?rest_route=\/wp\/v2\/posts\/596\/revisions"}],"predecessor-version":[{"id":1700,"href":"https:\/\/archiv.abriss-berlin.de\/blog\/index.php?rest_route=\/wp\/v2\/posts\/596\/revisions\/1700"}],"wp:attachment":[{"href":"https:\/\/archiv.abriss-berlin.de\/blog\/index.php?rest_route=%2Fwp%2Fv2%2Fmedia&parent=596"}],"wp:term":[{"taxonomy":"category","embeddable":true,"href":"https:\/\/archiv.abriss-berlin.de\/blog\/index.php?rest_route=%2Fwp%2Fv2%2Fcategories&post=596"},{"taxonomy":"post_tag","embeddable":true,"href":"https:\/\/archiv.abriss-berlin.de\/blog\/index.php?rest_route=%2Fwp%2Fv2%2Ftags&post=596"}],"curies":[{"name":"wp","href":"https:\/\/api.w.org\/{rel}","templated":true}]}}